{"id":7327,"date":"2015-02-13T23:43:30","date_gmt":"2015-02-14T05:43:30","guid":{"rendered":"http:\/\/vehiculosimportados.com\/main\/?p=7327"},"modified":"2015-02-13T23:43:30","modified_gmt":"2015-02-14T05:43:30","slug":"nisan-sentra-sr-b16-2011","status":"publish","type":"post","link":"https:\/\/vehiculosimportados.com\/main\/2015\/02\/13\/nisan-sentra-sr-b16-2011\/","title":{"rendered":"Nissan Sentra SR B16 2011"},"content":{"rendered":"<p><center><a href=\"https:\/\/vehiculosimportados.com\/main\/2015\/02\/13\/nisan-sentra-sr-2011\/\"><img data-recalc-dims=\"1\" loading=\"lazy\" decoding=\"async\" data-attachment-id=\"7328\" data-permalink=\"https:\/\/vehiculosimportados.com\/main\/img-20150213-wa0012\/\" data-orig-file=\"https:\/\/i0.wp.com\/vehiculosimportados.com\/main\/wp-content\/uploads\/2015\/02\/IMG-20150213-WA0012.jpg?fit=1280%2C720&amp;ssl=1\" data-orig-size=\"1280,720\" data-comments-opened=\"0\" data-image-meta=\"{&quot;aperture&quot;:&quot;0&quot;,&quot;credit&quot;:&quot;&quot;,&quot;camera&quot;:&quot;&quot;,&quot;caption&quot;:&quot;&quot;,&quot;created_timestamp&quot;:&quot;0&quot;,&quot;copyright&quot;:&quot;&quot;,&quot;focal_length&quot;:&quot;0&quot;,&quot;iso&quot;:&quot;0&quot;,&quot;shutter_speed&quot;:&quot;0&quot;,&quot;title&quot;:&quot;&quot;,&quot;orientation&quot;:&quot;0&quot;}\" data-image-title=\"IMG-20150213-WA0012\" data-image-description=\"\" data-image-caption=\"\" data-medium-file=\"https:\/\/i0.wp.com\/vehiculosimportados.com\/main\/wp-content\/uploads\/2015\/02\/IMG-20150213-WA0012.jpg?fit=300%2C169&amp;ssl=1\" data-large-file=\"https:\/\/i0.wp.com\/vehiculosimportados.com\/main\/wp-content\/uploads\/2015\/02\/IMG-20150213-WA0012.jpg?fit=1024%2C576&amp;ssl=1\" tabindex=\"0\" role=\"button\" src=\"https:\/\/i0.wp.com\/vehiculosimportados.com\/main\/wp-content\/uploads\/2015\/02\/IMG-20150213-WA0012.jpg?resize=1170%2C658&#038;ssl=1\" alt=\"IMG-20150213-WA0012\" width=\"1170\" height=\"658\" class=\"alignnone size-full wp-image-7328\" srcset=\"https:\/\/i0.wp.com\/vehiculosimportados.com\/main\/wp-content\/uploads\/2015\/02\/IMG-20150213-WA0012.jpg?w=1280&amp;ssl=1 1280w, https:\/\/i0.wp.com\/vehiculosimportados.com\/main\/wp-content\/uploads\/2015\/02\/IMG-20150213-WA0012.jpg?resize=300%2C169&amp;ssl=1 300w, https:\/\/i0.wp.com\/vehiculosimportados.com\/main\/wp-content\/uploads\/2015\/02\/IMG-20150213-WA0012.jpg?resize=1024%2C576&amp;ssl=1 1024w, https:\/\/i0.wp.com\/vehiculosimportados.com\/main\/wp-content\/uploads\/2015\/02\/IMG-20150213-WA0012.jpg?resize=968%2C545&amp;ssl=1 968w, https:\/\/i0.wp.com\/vehiculosimportados.com\/main\/wp-content\/uploads\/2015\/02\/IMG-20150213-WA0012.jpg?resize=636%2C358&amp;ssl=1 636w, https:\/\/i0.wp.com\/vehiculosimportados.com\/main\/wp-content\/uploads\/2015\/02\/IMG-20150213-WA0012.jpg?resize=482%2C271&amp;ssl=1 482w, https:\/\/i0.wp.com\/vehiculosimportados.com\/main\/wp-content\/uploads\/2015\/02\/IMG-20150213-WA0012.jpg?resize=320%2C180&amp;ssl=1 320w, https:\/\/i0.wp.com\/vehiculosimportados.com\/main\/wp-content\/uploads\/2015\/02\/IMG-20150213-WA0012.jpg?resize=239%2C134&amp;ssl=1 239w\" sizes=\"auto, (max-width: 1170px) 100vw, 1170px\" \/><\/a><\/p>\n<p>Nissan Sentra SR B16 2011, Automatico, Motor 2.0, Paquete El\u00e9ctrico, Cd player con mp3 entrada para ipod, A\/C helando perfectamente, Mandos al tim\u00f3n, 40,300 millas aprox, Bolsas buenas, Rines especiales, Cola de Pato, Tapicer\u00eda y Llantas N\u00edtidas $8,900 neg. Placas en Tramite. MAYOR INFORMACION AL 7452-5828<\/p>\n<p><div data-carousel-extra='{\"blog_id\":1,\"permalink\":\"https:\\\/\\\/vehiculosimportados.com\\\/main\\\/2015\\\/02\\\/13\\\/nisan-sentra-sr-b16-2011\\\/\"}' id='gallery-1' class='gallery galleryid-7327 gallery-columns-5 gallery-size-thumbnail'><figure class='gallery-item'>\n\t\t\t<div class='gallery-icon landscape'>\n\t\t\t\t<a href='https:\/\/vehiculosimportados.com\/main\/img-20150213-wa0007\/'><img loading=\"lazy\" decoding=\"async\" width=\"160\" height=\"160\" src=\"https:\/\/i0.wp.com\/vehiculosimportados.com\/main\/wp-content\/uploads\/2015\/02\/IMG-20150213-WA0007.jpg?resize=160%2C160&amp;ssl=1\" class=\"attachment-thumbnail size-thumbnail\" alt=\"\" srcset=\"https:\/\/i0.wp.com\/vehiculosimportados.com\/main\/wp-content\/uploads\/2015\/02\/IMG-20150213-WA0007.jpg?resize=350%2C350&amp;ssl=1 350w, https:\/\/i0.wp.com\/vehiculosimportados.com\/main\/wp-content\/uploads\/2015\/02\/IMG-20150213-WA0007.jpg?resize=600%2C600&amp;ssl=1 600w, https:\/\/i0.wp.com\/vehiculosimportados.com\/main\/wp-content\/uploads\/2015\/02\/IMG-20150213-WA0007.jpg?resize=55%2C55&amp;ssl=1 55w, https:\/\/i0.wp.com\/vehiculosimportados.com\/main\/wp-content\/uploads\/2015\/02\/IMG-20150213-WA0007.jpg?zoom=3&amp;resize=160%2C160&amp;ssl=1 480w\" sizes=\"auto, (max-width: 160px) 100vw, 160px\" data-attachment-id=\"7329\" data-permalink=\"https:\/\/vehiculosimportados.com\/main\/img-20150213-wa0007\/\" data-orig-file=\"https:\/\/i0.wp.com\/vehiculosimportados.com\/main\/wp-content\/uploads\/2015\/02\/IMG-20150213-WA0007.jpg?fit=1280%2C720&amp;ssl=1\" data-orig-size=\"1280,720\" data-comments-opened=\"0\" data-image-meta=\"{&quot;aperture&quot;:&quot;0&quot;,&quot;credit&quot;:&quot;&quot;,&quot;camera&quot;:&quot;&quot;,&quot;caption&quot;:&quot;&quot;,&quot;created_timestamp&quot;:&quot;0&quot;,&quot;copyright&quot;:&quot;&quot;,&quot;focal_length&quot;:&quot;0&quot;,&quot;iso&quot;:&quot;0&quot;,&quot;shutter_speed&quot;:&quot;0&quot;,&quot;title&quot;:&quot;&quot;,&quot;orientation&quot;:&quot;0&quot;}\" data-image-title=\"IMG-20150213-WA0007\" data-image-description=\"\" data-image-caption=\"\" data-medium-file=\"https:\/\/i0.wp.com\/vehiculosimportados.com\/main\/wp-content\/uploads\/2015\/02\/IMG-20150213-WA0007.jpg?fit=300%2C169&amp;ssl=1\" data-large-file=\"https:\/\/i0.wp.com\/vehiculosimportados.com\/main\/wp-content\/uploads\/2015\/02\/IMG-20150213-WA0007.jpg?fit=1024%2C576&amp;ssl=1\" tabindex=\"0\" role=\"button\" \/><\/a>\n\t\t\t<\/div><\/figure><figure class='gallery-item'>\n\t\t\t<div class='gallery-icon landscape'>\n\t\t\t\t<a href='https:\/\/vehiculosimportados.com\/main\/img-20150213-wa0008\/'><img loading=\"lazy\" decoding=\"async\" width=\"160\" height=\"160\" src=\"https:\/\/i0.wp.com\/vehiculosimportados.com\/main\/wp-content\/uploads\/2015\/02\/IMG-20150213-WA0008.jpg?resize=160%2C160&amp;ssl=1\" class=\"attachment-thumbnail size-thumbnail\" alt=\"\" srcset=\"https:\/\/i0.wp.com\/vehiculosimportados.com\/main\/wp-content\/uploads\/2015\/02\/IMG-20150213-WA0008.jpg?resize=350%2C350&amp;ssl=1 350w, https:\/\/i0.wp.com\/vehiculosimportados.com\/main\/wp-content\/uploads\/2015\/02\/IMG-20150213-WA0008.jpg?resize=600%2C600&amp;ssl=1 600w, https:\/\/i0.wp.com\/vehiculosimportados.com\/main\/wp-content\/uploads\/2015\/02\/IMG-20150213-WA0008.jpg?resize=55%2C55&amp;ssl=1 55w, https:\/\/i0.wp.com\/vehiculosimportados.com\/main\/wp-content\/uploads\/2015\/02\/IMG-20150213-WA0008.jpg?zoom=3&amp;resize=160%2C160&amp;ssl=1 480w\" sizes=\"auto, (max-width: 160px) 100vw, 160px\" data-attachment-id=\"7330\" data-permalink=\"https:\/\/vehiculosimportados.com\/main\/img-20150213-wa0008\/\" data-orig-file=\"https:\/\/i0.wp.com\/vehiculosimportados.com\/main\/wp-content\/uploads\/2015\/02\/IMG-20150213-WA0008.jpg?fit=1280%2C720&amp;ssl=1\" data-orig-size=\"1280,720\" data-comments-opened=\"0\" data-image-meta=\"{&quot;aperture&quot;:&quot;0&quot;,&quot;credit&quot;:&quot;&quot;,&quot;camera&quot;:&quot;&quot;,&quot;caption&quot;:&quot;&quot;,&quot;created_timestamp&quot;:&quot;0&quot;,&quot;copyright&quot;:&quot;&quot;,&quot;focal_length&quot;:&quot;0&quot;,&quot;iso&quot;:&quot;0&quot;,&quot;shutter_speed&quot;:&quot;0&quot;,&quot;title&quot;:&quot;&quot;,&quot;orientation&quot;:&quot;0&quot;}\" data-image-title=\"IMG-20150213-WA0008\" data-image-description=\"\" data-image-caption=\"\" data-medium-file=\"https:\/\/i0.wp.com\/vehiculosimportados.com\/main\/wp-content\/uploads\/2015\/02\/IMG-20150213-WA0008.jpg?fit=300%2C169&amp;ssl=1\" data-large-file=\"https:\/\/i0.wp.com\/vehiculosimportados.com\/main\/wp-content\/uploads\/2015\/02\/IMG-20150213-WA0008.jpg?fit=1024%2C576&amp;ssl=1\" tabindex=\"0\" role=\"button\" \/><\/a>\n\t\t\t<\/div><\/figure><figure class='gallery-item'>\n\t\t\t<div class='gallery-icon landscape'>\n\t\t\t\t<a href='https:\/\/vehiculosimportados.com\/main\/img-20150213-wa0009\/'><img loading=\"lazy\" decoding=\"async\" width=\"160\" height=\"160\" src=\"https:\/\/i0.wp.com\/vehiculosimportados.com\/main\/wp-content\/uploads\/2015\/02\/IMG-20150213-WA0009.jpg?resize=160%2C160&amp;ssl=1\" class=\"attachment-thumbnail size-thumbnail\" alt=\"\" srcset=\"https:\/\/i0.wp.com\/vehiculosimportados.com\/main\/wp-content\/uploads\/2015\/02\/IMG-20150213-WA0009.jpg?resize=350%2C350&amp;ssl=1 350w, https:\/\/i0.wp.com\/vehiculosimportados.com\/main\/wp-content\/uploads\/2015\/02\/IMG-20150213-WA0009.jpg?resize=600%2C600&amp;ssl=1 600w, https:\/\/i0.wp.com\/vehiculosimportados.com\/main\/wp-content\/uploads\/2015\/02\/IMG-20150213-WA0009.jpg?resize=55%2C55&amp;ssl=1 55w, https:\/\/i0.wp.com\/vehiculosimportados.com\/main\/wp-content\/uploads\/2015\/02\/IMG-20150213-WA0009.jpg?zoom=3&amp;resize=160%2C160&amp;ssl=1 480w\" sizes=\"auto, (max-width: 160px) 100vw, 160px\" data-attachment-id=\"7331\" data-permalink=\"https:\/\/vehiculosimportados.com\/main\/img-20150213-wa0009\/\" data-orig-file=\"https:\/\/i0.wp.com\/vehiculosimportados.com\/main\/wp-content\/uploads\/2015\/02\/IMG-20150213-WA0009.jpg?fit=1280%2C720&amp;ssl=1\" data-orig-size=\"1280,720\" data-comments-opened=\"0\" data-image-meta=\"{&quot;aperture&quot;:&quot;0&quot;,&quot;credit&quot;:&quot;&quot;,&quot;camera&quot;:&quot;&quot;,&quot;caption&quot;:&quot;&quot;,&quot;created_timestamp&quot;:&quot;0&quot;,&quot;copyright&quot;:&quot;&quot;,&quot;focal_length&quot;:&quot;0&quot;,&quot;iso&quot;:&quot;0&quot;,&quot;shutter_speed&quot;:&quot;0&quot;,&quot;title&quot;:&quot;&quot;,&quot;orientation&quot;:&quot;0&quot;}\" data-image-title=\"IMG-20150213-WA0009\" data-image-description=\"\" data-image-caption=\"\" data-medium-file=\"https:\/\/i0.wp.com\/vehiculosimportados.com\/main\/wp-content\/uploads\/2015\/02\/IMG-20150213-WA0009.jpg?fit=300%2C169&amp;ssl=1\" data-large-file=\"https:\/\/i0.wp.com\/vehiculosimportados.com\/main\/wp-content\/uploads\/2015\/02\/IMG-20150213-WA0009.jpg?fit=1024%2C576&amp;ssl=1\" tabindex=\"0\" role=\"button\" \/><\/a>\n\t\t\t<\/div><\/figure><figure class='gallery-item'>\n\t\t\t<div class='gallery-icon landscape'>\n\t\t\t\t<a href='https:\/\/vehiculosimportados.com\/main\/img-20150213-wa0010\/'><img loading=\"lazy\" decoding=\"async\" width=\"160\" height=\"160\" src=\"https:\/\/i0.wp.com\/vehiculosimportados.com\/main\/wp-content\/uploads\/2015\/02\/IMG-20150213-WA0010.jpg?resize=160%2C160&amp;ssl=1\" class=\"attachment-thumbnail size-thumbnail\" alt=\"\" srcset=\"https:\/\/i0.wp.com\/vehiculosimportados.com\/main\/wp-content\/uploads\/2015\/02\/IMG-20150213-WA0010.jpg?resize=350%2C350&amp;ssl=1 350w, https:\/\/i0.wp.com\/vehiculosimportados.com\/main\/wp-content\/uploads\/2015\/02\/IMG-20150213-WA0010.jpg?resize=600%2C600&amp;ssl=1 600w, https:\/\/i0.wp.com\/vehiculosimportados.com\/main\/wp-content\/uploads\/2015\/02\/IMG-20150213-WA0010.jpg?resize=55%2C55&amp;ssl=1 55w, https:\/\/i0.wp.com\/vehiculosimportados.com\/main\/wp-content\/uploads\/2015\/02\/IMG-20150213-WA0010.jpg?zoom=3&amp;resize=160%2C160&amp;ssl=1 480w\" sizes=\"auto, (max-width: 160px) 100vw, 160px\" data-attachment-id=\"7332\" data-permalink=\"https:\/\/vehiculosimportados.com\/main\/img-20150213-wa0010\/\" data-orig-file=\"https:\/\/i0.wp.com\/vehiculosimportados.com\/main\/wp-content\/uploads\/2015\/02\/IMG-20150213-WA0010.jpg?fit=1280%2C720&amp;ssl=1\" data-orig-size=\"1280,720\" data-comments-opened=\"0\" data-image-meta=\"{&quot;aperture&quot;:&quot;0&quot;,&quot;credit&quot;:&quot;&quot;,&quot;camera&quot;:&quot;&quot;,&quot;caption&quot;:&quot;&quot;,&quot;created_timestamp&quot;:&quot;0&quot;,&quot;copyright&quot;:&quot;&quot;,&quot;focal_length&quot;:&quot;0&quot;,&quot;iso&quot;:&quot;0&quot;,&quot;shutter_speed&quot;:&quot;0&quot;,&quot;title&quot;:&quot;&quot;,&quot;orientation&quot;:&quot;0&quot;}\" data-image-title=\"IMG-20150213-WA0010\" data-image-description=\"\" data-image-caption=\"\" data-medium-file=\"https:\/\/i0.wp.com\/vehiculosimportados.com\/main\/wp-content\/uploads\/2015\/02\/IMG-20150213-WA0010.jpg?fit=300%2C169&amp;ssl=1\" data-large-file=\"https:\/\/i0.wp.com\/vehiculosimportados.com\/main\/wp-content\/uploads\/2015\/02\/IMG-20150213-WA0010.jpg?fit=1024%2C576&amp;ssl=1\" tabindex=\"0\" role=\"button\" \/><\/a>\n\t\t\t<\/div><\/figure><figure class='gallery-item'>\n\t\t\t<div class='gallery-icon landscape'>\n\t\t\t\t<a href='https:\/\/vehiculosimportados.com\/main\/img-20150213-wa0011\/'><img loading=\"lazy\" decoding=\"async\" width=\"160\" height=\"160\" src=\"https:\/\/i0.wp.com\/vehiculosimportados.com\/main\/wp-content\/uploads\/2015\/02\/IMG-20150213-WA0011.jpg?resize=160%2C160&amp;ssl=1\" class=\"attachment-thumbnail size-thumbnail\" alt=\"\" srcset=\"https:\/\/i0.wp.com\/vehiculosimportados.com\/main\/wp-content\/uploads\/2015\/02\/IMG-20150213-WA0011.jpg?resize=350%2C350&amp;ssl=1 350w, https:\/\/i0.wp.com\/vehiculosimportados.com\/main\/wp-content\/uploads\/2015\/02\/IMG-20150213-WA0011.jpg?resize=600%2C600&amp;ssl=1 600w, https:\/\/i0.wp.com\/vehiculosimportados.com\/main\/wp-content\/uploads\/2015\/02\/IMG-20150213-WA0011.jpg?resize=55%2C55&amp;ssl=1 55w, https:\/\/i0.wp.com\/vehiculosimportados.com\/main\/wp-content\/uploads\/2015\/02\/IMG-20150213-WA0011.jpg?zoom=3&amp;resize=160%2C160&amp;ssl=1 480w\" sizes=\"auto, (max-width: 160px) 100vw, 160px\" data-attachment-id=\"7333\" data-permalink=\"https:\/\/vehiculosimportados.com\/main\/img-20150213-wa0011\/\" data-orig-file=\"https:\/\/i0.wp.com\/vehiculosimportados.com\/main\/wp-content\/uploads\/2015\/02\/IMG-20150213-WA0011.jpg?fit=1280%2C720&amp;ssl=1\" data-orig-size=\"1280,720\" data-comments-opened=\"0\" data-image-meta=\"{&quot;aperture&quot;:&quot;0&quot;,&quot;credit&quot;:&quot;&quot;,&quot;camera&quot;:&quot;&quot;,&quot;caption&quot;:&quot;&quot;,&quot;created_timestamp&quot;:&quot;0&quot;,&quot;copyright&quot;:&quot;&quot;,&quot;focal_length&quot;:&quot;0&quot;,&quot;iso&quot;:&quot;0&quot;,&quot;shutter_speed&quot;:&quot;0&quot;,&quot;title&quot;:&quot;&quot;,&quot;orientation&quot;:&quot;0&quot;}\" data-image-title=\"IMG-20150213-WA0011\" data-image-description=\"\" data-image-caption=\"\" data-medium-file=\"https:\/\/i0.wp.com\/vehiculosimportados.com\/main\/wp-content\/uploads\/2015\/02\/IMG-20150213-WA0011.jpg?fit=300%2C169&amp;ssl=1\" data-large-file=\"https:\/\/i0.wp.com\/vehiculosimportados.com\/main\/wp-content\/uploads\/2015\/02\/IMG-20150213-WA0011.jpg?fit=1024%2C576&amp;ssl=1\" tabindex=\"0\" role=\"button\" \/><\/a>\n\t\t\t<\/div><\/figure><figure class='gallery-item'>\n\t\t\t<div class='gallery-icon landscape'>\n\t\t\t\t<a href='https:\/\/vehiculosimportados.com\/main\/img-20150213-wa0012-2\/'><img loading=\"lazy\" decoding=\"async\" width=\"160\" height=\"160\" src=\"https:\/\/i0.wp.com\/vehiculosimportados.com\/main\/wp-content\/uploads\/2015\/02\/IMG-20150213-WA00121.jpg?resize=160%2C160&amp;ssl=1\" class=\"attachment-thumbnail size-thumbnail\" alt=\"\" srcset=\"https:\/\/i0.wp.com\/vehiculosimportados.com\/main\/wp-content\/uploads\/2015\/02\/IMG-20150213-WA00121.jpg?resize=350%2C350&amp;ssl=1 350w, https:\/\/i0.wp.com\/vehiculosimportados.com\/main\/wp-content\/uploads\/2015\/02\/IMG-20150213-WA00121.jpg?resize=600%2C600&amp;ssl=1 600w, https:\/\/i0.wp.com\/vehiculosimportados.com\/main\/wp-content\/uploads\/2015\/02\/IMG-20150213-WA00121.jpg?resize=55%2C55&amp;ssl=1 55w, https:\/\/i0.wp.com\/vehiculosimportados.com\/main\/wp-content\/uploads\/2015\/02\/IMG-20150213-WA00121.jpg?zoom=3&amp;resize=160%2C160&amp;ssl=1 480w\" sizes=\"auto, (max-width: 160px) 100vw, 160px\" data-attachment-id=\"7334\" data-permalink=\"https:\/\/vehiculosimportados.com\/main\/img-20150213-wa0012-2\/\" data-orig-file=\"https:\/\/i0.wp.com\/vehiculosimportados.com\/main\/wp-content\/uploads\/2015\/02\/IMG-20150213-WA00121.jpg?fit=1280%2C720&amp;ssl=1\" data-orig-size=\"1280,720\" data-comments-opened=\"0\" data-image-meta=\"{&quot;aperture&quot;:&quot;0&quot;,&quot;credit&quot;:&quot;&quot;,&quot;camera&quot;:&quot;&quot;,&quot;caption&quot;:&quot;&quot;,&quot;created_timestamp&quot;:&quot;0&quot;,&quot;copyright&quot;:&quot;&quot;,&quot;focal_length&quot;:&quot;0&quot;,&quot;iso&quot;:&quot;0&quot;,&quot;shutter_speed&quot;:&quot;0&quot;,&quot;title&quot;:&quot;&quot;,&quot;orientation&quot;:&quot;0&quot;}\" data-image-title=\"IMG-20150213-WA0012\" data-image-description=\"\" data-image-caption=\"\" data-medium-file=\"https:\/\/i0.wp.com\/vehiculosimportados.com\/main\/wp-content\/uploads\/2015\/02\/IMG-20150213-WA00121.jpg?fit=300%2C169&amp;ssl=1\" data-large-file=\"https:\/\/i0.wp.com\/vehiculosimportados.com\/main\/wp-content\/uploads\/2015\/02\/IMG-20150213-WA00121.jpg?fit=1024%2C576&amp;ssl=1\" tabindex=\"0\" role=\"button\" \/><\/a>\n\t\t\t<\/div><\/figure><figure class='gallery-item'>\n\t\t\t<div class='gallery-icon landscape'>\n\t\t\t\t<a href='https:\/\/vehiculosimportados.com\/main\/img-20150213-wa0013\/'><img loading=\"lazy\" decoding=\"async\" width=\"160\" height=\"160\" src=\"https:\/\/i0.wp.com\/vehiculosimportados.com\/main\/wp-content\/uploads\/2015\/02\/IMG-20150213-WA0013.jpg?resize=160%2C160&amp;ssl=1\" class=\"attachment-thumbnail size-thumbnail\" alt=\"\" srcset=\"https:\/\/i0.wp.com\/vehiculosimportados.com\/main\/wp-content\/uploads\/2015\/02\/IMG-20150213-WA0013.jpg?resize=350%2C350&amp;ssl=1 350w, https:\/\/i0.wp.com\/vehiculosimportados.com\/main\/wp-content\/uploads\/2015\/02\/IMG-20150213-WA0013.jpg?resize=600%2C600&amp;ssl=1 600w, https:\/\/i0.wp.com\/vehiculosimportados.com\/main\/wp-content\/uploads\/2015\/02\/IMG-20150213-WA0013.jpg?resize=55%2C55&amp;ssl=1 55w, https:\/\/i0.wp.com\/vehiculosimportados.com\/main\/wp-content\/uploads\/2015\/02\/IMG-20150213-WA0013.jpg?zoom=3&amp;resize=160%2C160&amp;ssl=1 480w\" sizes=\"auto, (max-width: 160px) 100vw, 160px\" data-attachment-id=\"7335\" data-permalink=\"https:\/\/vehiculosimportados.com\/main\/img-20150213-wa0013\/\" data-orig-file=\"https:\/\/i0.wp.com\/vehiculosimportados.com\/main\/wp-content\/uploads\/2015\/02\/IMG-20150213-WA0013.jpg?fit=1280%2C720&amp;ssl=1\" data-orig-size=\"1280,720\" data-comments-opened=\"0\" data-image-meta=\"{&quot;aperture&quot;:&quot;0&quot;,&quot;credit&quot;:&quot;&quot;,&quot;camera&quot;:&quot;&quot;,&quot;caption&quot;:&quot;&quot;,&quot;created_timestamp&quot;:&quot;0&quot;,&quot;copyright&quot;:&quot;&quot;,&quot;focal_length&quot;:&quot;0&quot;,&quot;iso&quot;:&quot;0&quot;,&quot;shutter_speed&quot;:&quot;0&quot;,&quot;title&quot;:&quot;&quot;,&quot;orientation&quot;:&quot;0&quot;}\" data-image-title=\"IMG-20150213-WA0013\" data-image-description=\"\" data-image-caption=\"\" data-medium-file=\"https:\/\/i0.wp.com\/vehiculosimportados.com\/main\/wp-content\/uploads\/2015\/02\/IMG-20150213-WA0013.jpg?fit=300%2C169&amp;ssl=1\" data-large-file=\"https:\/\/i0.wp.com\/vehiculosimportados.com\/main\/wp-content\/uploads\/2015\/02\/IMG-20150213-WA0013.jpg?fit=1024%2C576&amp;ssl=1\" tabindex=\"0\" role=\"button\" \/><\/a>\n\t\t\t<\/div><\/figure><figure class='gallery-item'>\n\t\t\t<div class='gallery-icon landscape'>\n\t\t\t\t<a href='https:\/\/vehiculosimportados.com\/main\/img-20150213-wa0014\/'><img loading=\"lazy\" decoding=\"async\" width=\"160\" height=\"160\" src=\"https:\/\/i0.wp.com\/vehiculosimportados.com\/main\/wp-content\/uploads\/2015\/02\/IMG-20150213-WA0014.jpg?resize=160%2C160&amp;ssl=1\" class=\"attachment-thumbnail size-thumbnail\" alt=\"\" srcset=\"https:\/\/i0.wp.com\/vehiculosimportados.com\/main\/wp-content\/uploads\/2015\/02\/IMG-20150213-WA0014.jpg?resize=350%2C350&amp;ssl=1 350w, https:\/\/i0.wp.com\/vehiculosimportados.com\/main\/wp-content\/uploads\/2015\/02\/IMG-20150213-WA0014.jpg?resize=600%2C600&amp;ssl=1 600w, https:\/\/i0.wp.com\/vehiculosimportados.com\/main\/wp-content\/uploads\/2015\/02\/IMG-20150213-WA0014.jpg?resize=55%2C55&amp;ssl=1 55w, https:\/\/i0.wp.com\/vehiculosimportados.com\/main\/wp-content\/uploads\/2015\/02\/IMG-20150213-WA0014.jpg?zoom=3&amp;resize=160%2C160&amp;ssl=1 480w\" sizes=\"auto, (max-width: 160px) 100vw, 160px\" data-attachment-id=\"7336\" data-permalink=\"https:\/\/vehiculosimportados.com\/main\/img-20150213-wa0014\/\" data-orig-file=\"https:\/\/i0.wp.com\/vehiculosimportados.com\/main\/wp-content\/uploads\/2015\/02\/IMG-20150213-WA0014.jpg?fit=1280%2C720&amp;ssl=1\" data-orig-size=\"1280,720\" data-comments-opened=\"0\" data-image-meta=\"{&quot;aperture&quot;:&quot;0&quot;,&quot;credit&quot;:&quot;&quot;,&quot;camera&quot;:&quot;&quot;,&quot;caption&quot;:&quot;&quot;,&quot;created_timestamp&quot;:&quot;0&quot;,&quot;copyright&quot;:&quot;&quot;,&quot;focal_length&quot;:&quot;0&quot;,&quot;iso&quot;:&quot;0&quot;,&quot;shutter_speed&quot;:&quot;0&quot;,&quot;title&quot;:&quot;&quot;,&quot;orientation&quot;:&quot;0&quot;}\" data-image-title=\"IMG-20150213-WA0014\" data-image-description=\"\" data-image-caption=\"\" data-medium-file=\"https:\/\/i0.wp.com\/vehiculosimportados.com\/main\/wp-content\/uploads\/2015\/02\/IMG-20150213-WA0014.jpg?fit=300%2C169&amp;ssl=1\" data-large-file=\"https:\/\/i0.wp.com\/vehiculosimportados.com\/main\/wp-content\/uploads\/2015\/02\/IMG-20150213-WA0014.jpg?fit=1024%2C576&amp;ssl=1\" tabindex=\"0\" role=\"button\" \/><\/a>\n\t\t\t<\/div><\/figure><figure class='gallery-item'>\n\t\t\t<div class='gallery-icon landscape'>\n\t\t\t\t<a href='https:\/\/vehiculosimportados.com\/main\/img-20150213-wa0015\/'><img loading=\"lazy\" decoding=\"async\" width=\"160\" height=\"160\" src=\"https:\/\/i0.wp.com\/vehiculosimportados.com\/main\/wp-content\/uploads\/2015\/02\/IMG-20150213-WA0015.jpg?resize=160%2C160&amp;ssl=1\" class=\"attachment-thumbnail size-thumbnail\" alt=\"\" srcset=\"https:\/\/i0.wp.com\/vehiculosimportados.com\/main\/wp-content\/uploads\/2015\/02\/IMG-20150213-WA0015.jpg?resize=350%2C350&amp;ssl=1 350w, https:\/\/i0.wp.com\/vehiculosimportados.com\/main\/wp-content\/uploads\/2015\/02\/IMG-20150213-WA0015.jpg?resize=600%2C600&amp;ssl=1 600w, https:\/\/i0.wp.com\/vehiculosimportados.com\/main\/wp-content\/uploads\/2015\/02\/IMG-20150213-WA0015.jpg?resize=55%2C55&amp;ssl=1 55w, https:\/\/i0.wp.com\/vehiculosimportados.com\/main\/wp-content\/uploads\/2015\/02\/IMG-20150213-WA0015.jpg?zoom=3&amp;resize=160%2C160&amp;ssl=1 480w\" sizes=\"auto, (max-width: 160px) 100vw, 160px\" data-attachment-id=\"7337\" data-permalink=\"https:\/\/vehiculosimportados.com\/main\/img-20150213-wa0015\/\" data-orig-file=\"https:\/\/i0.wp.com\/vehiculosimportados.com\/main\/wp-content\/uploads\/2015\/02\/IMG-20150213-WA0015.jpg?fit=1280%2C720&amp;ssl=1\" data-orig-size=\"1280,720\" data-comments-opened=\"0\" data-image-meta=\"{&quot;aperture&quot;:&quot;0&quot;,&quot;credit&quot;:&quot;&quot;,&quot;camera&quot;:&quot;&quot;,&quot;caption&quot;:&quot;&quot;,&quot;created_timestamp&quot;:&quot;0&quot;,&quot;copyright&quot;:&quot;&quot;,&quot;focal_length&quot;:&quot;0&quot;,&quot;iso&quot;:&quot;0&quot;,&quot;shutter_speed&quot;:&quot;0&quot;,&quot;title&quot;:&quot;&quot;,&quot;orientation&quot;:&quot;0&quot;}\" data-image-title=\"IMG-20150213-WA0015\" data-image-description=\"\" data-image-caption=\"\" data-medium-file=\"https:\/\/i0.wp.com\/vehiculosimportados.com\/main\/wp-content\/uploads\/2015\/02\/IMG-20150213-WA0015.jpg?fit=300%2C169&amp;ssl=1\" data-large-file=\"https:\/\/i0.wp.com\/vehiculosimportados.com\/main\/wp-content\/uploads\/2015\/02\/IMG-20150213-WA0015.jpg?fit=1024%2C576&amp;ssl=1\" tabindex=\"0\" role=\"button\" \/><\/a>\n\t\t\t<\/div><\/figure><figure class='gallery-item'>\n\t\t\t<div class='gallery-icon landscape'>\n\t\t\t\t<a href='https:\/\/vehiculosimportados.com\/main\/img-20150213-wa0016\/'><img loading=\"lazy\" decoding=\"async\" width=\"160\" height=\"160\" src=\"https:\/\/i0.wp.com\/vehiculosimportados.com\/main\/wp-content\/uploads\/2015\/02\/IMG-20150213-WA0016.jpg?resize=160%2C160&amp;ssl=1\" class=\"attachment-thumbnail size-thumbnail\" alt=\"\" srcset=\"https:\/\/i0.wp.com\/vehiculosimportados.com\/main\/wp-content\/uploads\/2015\/02\/IMG-20150213-WA0016.jpg?resize=350%2C350&amp;ssl=1 350w, https:\/\/i0.wp.com\/vehiculosimportados.com\/main\/wp-content\/uploads\/2015\/02\/IMG-20150213-WA0016.jpg?resize=600%2C600&amp;ssl=1 600w, https:\/\/i0.wp.com\/vehiculosimportados.com\/main\/wp-content\/uploads\/2015\/02\/IMG-20150213-WA0016.jpg?resize=55%2C55&amp;ssl=1 55w, https:\/\/i0.wp.com\/vehiculosimportados.com\/main\/wp-content\/uploads\/2015\/02\/IMG-20150213-WA0016.jpg?zoom=3&amp;resize=160%2C160&amp;ssl=1 480w\" sizes=\"auto, (max-width: 160px) 100vw, 160px\" data-attachment-id=\"7338\" data-permalink=\"https:\/\/vehiculosimportados.com\/main\/img-20150213-wa0016\/\" data-orig-file=\"https:\/\/i0.wp.com\/vehiculosimportados.com\/main\/wp-content\/uploads\/2015\/02\/IMG-20150213-WA0016.jpg?fit=1280%2C720&amp;ssl=1\" data-orig-size=\"1280,720\" data-comments-opened=\"0\" data-image-meta=\"{&quot;aperture&quot;:&quot;0&quot;,&quot;credit&quot;:&quot;&quot;,&quot;camera&quot;:&quot;&quot;,&quot;caption&quot;:&quot;&quot;,&quot;created_timestamp&quot;:&quot;0&quot;,&quot;copyright&quot;:&quot;&quot;,&quot;focal_length&quot;:&quot;0&quot;,&quot;iso&quot;:&quot;0&quot;,&quot;shutter_speed&quot;:&quot;0&quot;,&quot;title&quot;:&quot;&quot;,&quot;orientation&quot;:&quot;0&quot;}\" data-image-title=\"IMG-20150213-WA0016\" data-image-description=\"\" data-image-caption=\"\" data-medium-file=\"https:\/\/i0.wp.com\/vehiculosimportados.com\/main\/wp-content\/uploads\/2015\/02\/IMG-20150213-WA0016.jpg?fit=300%2C169&amp;ssl=1\" data-large-file=\"https:\/\/i0.wp.com\/vehiculosimportados.com\/main\/wp-content\/uploads\/2015\/02\/IMG-20150213-WA0016.jpg?fit=1024%2C576&amp;ssl=1\" tabindex=\"0\" role=\"button\" \/><\/a>\n\t\t\t<\/div><\/figure>\n\t\t<\/div>\n<\/><\/p>\n","protected":false},"excerpt":{"rendered":"<p>Nissan Sentra SR B16 2011, Automatico, Motor 2.0, Paquete El\u00e9ctrico, Cd player con mp3 entrada para ipod, A\/C helando perfectamente, Mandos al tim\u00f3n, 40,300 millas aprox, Bolsas buenas, Rines especiales, Cola de Pato, Tapicer\u00eda y Llantas N\u00edtidas $8,900 neg. Placas en Tramite. MAYOR INFORMACION AL 7452-5828<\/p>\n","protected":false},"author":1,"featured_media":7336,"comment_status":"open","ping_status":"closed","sticky":false,"template":"","format":"standard","meta":{"jetpack_post_was_ever_published":false,"_jetpack_newsletter_access":"","_jetpack_dont_email_post_to_subs":false,"_jetpack_newsletter_tier_id":0,"_jetpack_memberships_contains_paywalled_content":false,"_jetpack_memberships_contains_paid_content":false,"footnotes":"","jetpack_publicize_message":"","jetpack_publicize_feature_enabled":true,"jetpack_social_post_already_shared":true,"jetpack_social_options":{"image_generator_settings":{"template":"highway","enabled":false},"version":2}},"categories":[8],"tags":[101,18,25,33,118,122,102,115,111,104,156,155,112,103,110,157],"class_list":["post-7327","post","type-post","status-publish","format-standard","has-post-thumbnail","hentry","category-vendidos","tag-2-0","tag-18","tag-4-puertas","tag-automatico","tag-bajo-millaje","tag-blanco","tag-bolsas-buenas","tag-cd-player","tag-cola-de-pato","tag-con-placas","tag-entra","tag-nissan","tag-paquete-electrico","tag-reparados","tag-rines-especiales","tag-sr"],"jetpack_publicize_connections":[],"jetpack_sharing_enabled":true,"jetpack_featured_media_url":"https:\/\/i0.wp.com\/vehiculosimportados.com\/main\/wp-content\/uploads\/2015\/02\/IMG-20150213-WA0014.jpg?fit=1280%2C720&ssl=1","jetpack_shortlink":"https:\/\/wp.me\/p5wQ88-1Ub","jetpack_likes_enabled":true,"_links":{"self":[{"href":"https:\/\/vehiculosimportados.com\/main\/wp-json\/wp\/v2\/posts\/7327","targetHints":{"allow":["GET"]}}],"collection":[{"href":"https:\/\/vehiculosimportados.com\/main\/wp-json\/wp\/v2\/posts"}],"about":[{"href":"https:\/\/vehiculosimportados.com\/main\/wp-json\/wp\/v2\/types\/post"}],"author":[{"embeddable":true,"href":"https:\/\/vehiculosimportados.com\/main\/wp-json\/wp\/v2\/users\/1"}],"replies":[{"embeddable":true,"href":"https:\/\/vehiculosimportados.com\/main\/wp-json\/wp\/v2\/comments?post=7327"}],"version-history":[{"count":0,"href":"https:\/\/vehiculosimportados.com\/main\/wp-json\/wp\/v2\/posts\/7327\/revisions"}],"wp:featuredmedia":[{"embeddable":true,"href":"https:\/\/vehiculosimportados.com\/main\/wp-json\/wp\/v2\/media\/7336"}],"wp:attachment":[{"href":"https:\/\/vehiculosimportados.com\/main\/wp-json\/wp\/v2\/media?parent=7327"}],"wp:term":[{"taxonomy":"category","embeddable":true,"href":"https:\/\/vehiculosimportados.com\/main\/wp-json\/wp\/v2\/categories?post=7327"},{"taxonomy":"post_tag","embeddable":true,"href":"https:\/\/vehiculosimportados.com\/main\/wp-json\/wp\/v2\/tags?post=7327"}],"curies":[{"name":"wp","href":"https:\/\/api.w.org\/{rel}","templated":true}]}}