{"id":6826,"date":"2015-01-14T22:58:50","date_gmt":"2015-01-15T04:58:50","guid":{"rendered":"http:\/\/vehiculosimportados.com\/main\/?p=6826"},"modified":"2015-01-14T22:58:50","modified_gmt":"2015-01-15T04:58:50","slug":"hyundai-accent-2010","status":"publish","type":"post","link":"https:\/\/vehiculosimportados.com\/main\/2015\/01\/14\/hyundai-accent-2010\/","title":{"rendered":"Hyundai Accent 2010"},"content":{"rendered":"<p><center><a href=\"https:\/\/vehiculosimportados.com\/main\/2015\/01\/14\/hyundai-accent-2010\/\"><img data-recalc-dims=\"1\" loading=\"lazy\" decoding=\"async\" data-attachment-id=\"6827\" data-permalink=\"https:\/\/vehiculosimportados.com\/main\/10849947_770956019608283_6427053011759852876_n1\/\" data-orig-file=\"https:\/\/i0.wp.com\/vehiculosimportados.com\/main\/wp-content\/uploads\/2015\/01\/10849947_770956019608283_6427053011759852876_n1.jpg?fit=720%2C405&amp;ssl=1\" data-orig-size=\"720,405\" data-comments-opened=\"0\" data-image-meta=\"{&quot;aperture&quot;:&quot;0&quot;,&quot;credit&quot;:&quot;&quot;,&quot;camera&quot;:&quot;&quot;,&quot;caption&quot;:&quot;&quot;,&quot;created_timestamp&quot;:&quot;0&quot;,&quot;copyright&quot;:&quot;&quot;,&quot;focal_length&quot;:&quot;0&quot;,&quot;iso&quot;:&quot;0&quot;,&quot;shutter_speed&quot;:&quot;0&quot;,&quot;title&quot;:&quot;&quot;,&quot;orientation&quot;:&quot;0&quot;}\" data-image-title=\"10849947_770956019608283_6427053011759852876_n[1]\" data-image-description=\"\" data-image-caption=\"\" data-medium-file=\"https:\/\/i0.wp.com\/vehiculosimportados.com\/main\/wp-content\/uploads\/2015\/01\/10849947_770956019608283_6427053011759852876_n1.jpg?fit=300%2C169&amp;ssl=1\" data-large-file=\"https:\/\/i0.wp.com\/vehiculosimportados.com\/main\/wp-content\/uploads\/2015\/01\/10849947_770956019608283_6427053011759852876_n1.jpg?fit=720%2C405&amp;ssl=1\" tabindex=\"0\" role=\"button\" src=\"https:\/\/i0.wp.com\/vehiculosimportados.com\/main\/wp-content\/uploads\/2015\/01\/10849947_770956019608283_6427053011759852876_n1.jpg?resize=720%2C405&#038;ssl=1\" alt=\"10849947_770956019608283_6427053011759852876_n[1]\" width=\"720\" height=\"405\" class=\"alignnone size-full wp-image-6827\" srcset=\"https:\/\/i0.wp.com\/vehiculosimportados.com\/main\/wp-content\/uploads\/2015\/01\/10849947_770956019608283_6427053011759852876_n1.jpg?w=720&amp;ssl=1 720w, https:\/\/i0.wp.com\/vehiculosimportados.com\/main\/wp-content\/uploads\/2015\/01\/10849947_770956019608283_6427053011759852876_n1.jpg?resize=300%2C169&amp;ssl=1 300w, https:\/\/i0.wp.com\/vehiculosimportados.com\/main\/wp-content\/uploads\/2015\/01\/10849947_770956019608283_6427053011759852876_n1.jpg?resize=636%2C358&amp;ssl=1 636w, https:\/\/i0.wp.com\/vehiculosimportados.com\/main\/wp-content\/uploads\/2015\/01\/10849947_770956019608283_6427053011759852876_n1.jpg?resize=482%2C271&amp;ssl=1 482w, https:\/\/i0.wp.com\/vehiculosimportados.com\/main\/wp-content\/uploads\/2015\/01\/10849947_770956019608283_6427053011759852876_n1.jpg?resize=320%2C180&amp;ssl=1 320w, https:\/\/i0.wp.com\/vehiculosimportados.com\/main\/wp-content\/uploads\/2015\/01\/10849947_770956019608283_6427053011759852876_n1.jpg?resize=239%2C134&amp;ssl=1 239w\" sizes=\"auto, (max-width: 720px) 100vw, 720px\" \/><\/a><\/p>\n<p>Hyundai Accent Hatchback, Automatico, A\u00f1o 2010, Color Gris, Motor 1.6, Cd Player, A\/C Helando Perfectamente, Tapicer\u00eda y Llantas N\u00edtidas, Vidr\u00edos Manuales, Bolsas Buenas, $6,300 Neg Ya tiene Placas MAYOR INFORMACION AL 7452-5828<\/p>\n<p><div data-carousel-extra='{\"blog_id\":1,\"permalink\":\"https:\\\/\\\/vehiculosimportados.com\\\/main\\\/2015\\\/01\\\/14\\\/hyundai-accent-2010\\\/\"}' id='gallery-1' class='gallery galleryid-6826 gallery-columns-5 gallery-size-thumbnail'><figure class='gallery-item'>\n\t\t\t<div class='gallery-icon landscape'>\n\t\t\t\t<a href='https:\/\/vehiculosimportados.com\/main\/10003451_770956006274951_6165979068210753394_n1\/'><img loading=\"lazy\" decoding=\"async\" width=\"160\" height=\"160\" src=\"https:\/\/i0.wp.com\/vehiculosimportados.com\/main\/wp-content\/uploads\/2015\/01\/10003451_770956006274951_6165979068210753394_n1.jpg?resize=160%2C160&amp;ssl=1\" class=\"attachment-thumbnail size-thumbnail\" alt=\"\" srcset=\"https:\/\/i0.wp.com\/vehiculosimportados.com\/main\/wp-content\/uploads\/2015\/01\/10003451_770956006274951_6165979068210753394_n1.jpg?resize=350%2C350&amp;ssl=1 350w, https:\/\/i0.wp.com\/vehiculosimportados.com\/main\/wp-content\/uploads\/2015\/01\/10003451_770956006274951_6165979068210753394_n1.jpg?resize=55%2C55&amp;ssl=1 55w, https:\/\/i0.wp.com\/vehiculosimportados.com\/main\/wp-content\/uploads\/2015\/01\/10003451_770956006274951_6165979068210753394_n1.jpg?zoom=3&amp;resize=160%2C160&amp;ssl=1 480w\" sizes=\"auto, (max-width: 160px) 100vw, 160px\" data-attachment-id=\"6828\" data-permalink=\"https:\/\/vehiculosimportados.com\/main\/10003451_770956006274951_6165979068210753394_n1\/\" data-orig-file=\"https:\/\/i0.wp.com\/vehiculosimportados.com\/main\/wp-content\/uploads\/2015\/01\/10003451_770956006274951_6165979068210753394_n1.jpg?fit=720%2C405&amp;ssl=1\" data-orig-size=\"720,405\" data-comments-opened=\"0\" data-image-meta=\"{&quot;aperture&quot;:&quot;0&quot;,&quot;credit&quot;:&quot;&quot;,&quot;camera&quot;:&quot;&quot;,&quot;caption&quot;:&quot;&quot;,&quot;created_timestamp&quot;:&quot;0&quot;,&quot;copyright&quot;:&quot;&quot;,&quot;focal_length&quot;:&quot;0&quot;,&quot;iso&quot;:&quot;0&quot;,&quot;shutter_speed&quot;:&quot;0&quot;,&quot;title&quot;:&quot;&quot;,&quot;orientation&quot;:&quot;0&quot;}\" data-image-title=\"10003451_770956006274951_6165979068210753394_n[1]\" data-image-description=\"\" data-image-caption=\"\" data-medium-file=\"https:\/\/i0.wp.com\/vehiculosimportados.com\/main\/wp-content\/uploads\/2015\/01\/10003451_770956006274951_6165979068210753394_n1.jpg?fit=300%2C169&amp;ssl=1\" data-large-file=\"https:\/\/i0.wp.com\/vehiculosimportados.com\/main\/wp-content\/uploads\/2015\/01\/10003451_770956006274951_6165979068210753394_n1.jpg?fit=720%2C405&amp;ssl=1\" tabindex=\"0\" role=\"button\" \/><\/a>\n\t\t\t<\/div><\/figure><figure class='gallery-item'>\n\t\t\t<div class='gallery-icon landscape'>\n\t\t\t\t<a href='https:\/\/vehiculosimportados.com\/main\/10849947_770956019608283_6427053011759852876_n1-2\/'><img loading=\"lazy\" decoding=\"async\" width=\"160\" height=\"160\" src=\"https:\/\/i0.wp.com\/vehiculosimportados.com\/main\/wp-content\/uploads\/2015\/01\/10849947_770956019608283_6427053011759852876_n11.jpg?resize=160%2C160&amp;ssl=1\" class=\"attachment-thumbnail size-thumbnail\" alt=\"\" srcset=\"https:\/\/i0.wp.com\/vehiculosimportados.com\/main\/wp-content\/uploads\/2015\/01\/10849947_770956019608283_6427053011759852876_n11.jpg?resize=350%2C350&amp;ssl=1 350w, https:\/\/i0.wp.com\/vehiculosimportados.com\/main\/wp-content\/uploads\/2015\/01\/10849947_770956019608283_6427053011759852876_n11.jpg?resize=55%2C55&amp;ssl=1 55w, https:\/\/i0.wp.com\/vehiculosimportados.com\/main\/wp-content\/uploads\/2015\/01\/10849947_770956019608283_6427053011759852876_n11.jpg?zoom=3&amp;resize=160%2C160&amp;ssl=1 480w\" sizes=\"auto, (max-width: 160px) 100vw, 160px\" data-attachment-id=\"6829\" data-permalink=\"https:\/\/vehiculosimportados.com\/main\/10849947_770956019608283_6427053011759852876_n1-2\/\" data-orig-file=\"https:\/\/i0.wp.com\/vehiculosimportados.com\/main\/wp-content\/uploads\/2015\/01\/10849947_770956019608283_6427053011759852876_n11.jpg?fit=720%2C405&amp;ssl=1\" data-orig-size=\"720,405\" data-comments-opened=\"0\" data-image-meta=\"{&quot;aperture&quot;:&quot;0&quot;,&quot;credit&quot;:&quot;&quot;,&quot;camera&quot;:&quot;&quot;,&quot;caption&quot;:&quot;&quot;,&quot;created_timestamp&quot;:&quot;0&quot;,&quot;copyright&quot;:&quot;&quot;,&quot;focal_length&quot;:&quot;0&quot;,&quot;iso&quot;:&quot;0&quot;,&quot;shutter_speed&quot;:&quot;0&quot;,&quot;title&quot;:&quot;&quot;,&quot;orientation&quot;:&quot;0&quot;}\" data-image-title=\"10849947_770956019608283_6427053011759852876_n[1]\" data-image-description=\"\" data-image-caption=\"\" data-medium-file=\"https:\/\/i0.wp.com\/vehiculosimportados.com\/main\/wp-content\/uploads\/2015\/01\/10849947_770956019608283_6427053011759852876_n11.jpg?fit=300%2C169&amp;ssl=1\" data-large-file=\"https:\/\/i0.wp.com\/vehiculosimportados.com\/main\/wp-content\/uploads\/2015\/01\/10849947_770956019608283_6427053011759852876_n11.jpg?fit=720%2C405&amp;ssl=1\" tabindex=\"0\" role=\"button\" \/><\/a>\n\t\t\t<\/div><\/figure><figure class='gallery-item'>\n\t\t\t<div class='gallery-icon landscape'>\n\t\t\t\t<a href='https:\/\/vehiculosimportados.com\/main\/10922501_770956009608284_7356496146900915209_n1\/'><img loading=\"lazy\" decoding=\"async\" width=\"160\" height=\"160\" src=\"https:\/\/i0.wp.com\/vehiculosimportados.com\/main\/wp-content\/uploads\/2015\/01\/10922501_770956009608284_7356496146900915209_n1.jpg?resize=160%2C160&amp;ssl=1\" class=\"attachment-thumbnail size-thumbnail\" alt=\"\" srcset=\"https:\/\/i0.wp.com\/vehiculosimportados.com\/main\/wp-content\/uploads\/2015\/01\/10922501_770956009608284_7356496146900915209_n1.jpg?resize=350%2C350&amp;ssl=1 350w, https:\/\/i0.wp.com\/vehiculosimportados.com\/main\/wp-content\/uploads\/2015\/01\/10922501_770956009608284_7356496146900915209_n1.jpg?resize=55%2C55&amp;ssl=1 55w, https:\/\/i0.wp.com\/vehiculosimportados.com\/main\/wp-content\/uploads\/2015\/01\/10922501_770956009608284_7356496146900915209_n1.jpg?zoom=3&amp;resize=160%2C160&amp;ssl=1 480w\" sizes=\"auto, (max-width: 160px) 100vw, 160px\" data-attachment-id=\"6830\" data-permalink=\"https:\/\/vehiculosimportados.com\/main\/10922501_770956009608284_7356496146900915209_n1\/\" data-orig-file=\"https:\/\/i0.wp.com\/vehiculosimportados.com\/main\/wp-content\/uploads\/2015\/01\/10922501_770956009608284_7356496146900915209_n1.jpg?fit=720%2C405&amp;ssl=1\" data-orig-size=\"720,405\" data-comments-opened=\"0\" data-image-meta=\"{&quot;aperture&quot;:&quot;0&quot;,&quot;credit&quot;:&quot;&quot;,&quot;camera&quot;:&quot;&quot;,&quot;caption&quot;:&quot;&quot;,&quot;created_timestamp&quot;:&quot;0&quot;,&quot;copyright&quot;:&quot;&quot;,&quot;focal_length&quot;:&quot;0&quot;,&quot;iso&quot;:&quot;0&quot;,&quot;shutter_speed&quot;:&quot;0&quot;,&quot;title&quot;:&quot;&quot;,&quot;orientation&quot;:&quot;0&quot;}\" data-image-title=\"10922501_770956009608284_7356496146900915209_n[1]\" data-image-description=\"\" data-image-caption=\"\" data-medium-file=\"https:\/\/i0.wp.com\/vehiculosimportados.com\/main\/wp-content\/uploads\/2015\/01\/10922501_770956009608284_7356496146900915209_n1.jpg?fit=300%2C169&amp;ssl=1\" data-large-file=\"https:\/\/i0.wp.com\/vehiculosimportados.com\/main\/wp-content\/uploads\/2015\/01\/10922501_770956009608284_7356496146900915209_n1.jpg?fit=720%2C405&amp;ssl=1\" tabindex=\"0\" role=\"button\" \/><\/a>\n\t\t\t<\/div><\/figure><figure class='gallery-item'>\n\t\t\t<div class='gallery-icon landscape'>\n\t\t\t\t<a href='https:\/\/vehiculosimportados.com\/main\/10922627_770956036274948_3229138863651345361_n2\/'><img loading=\"lazy\" decoding=\"async\" width=\"160\" height=\"160\" src=\"https:\/\/i0.wp.com\/vehiculosimportados.com\/main\/wp-content\/uploads\/2015\/01\/10922627_770956036274948_3229138863651345361_n2.jpg?resize=160%2C160&amp;ssl=1\" class=\"attachment-thumbnail size-thumbnail\" alt=\"\" srcset=\"https:\/\/i0.wp.com\/vehiculosimportados.com\/main\/wp-content\/uploads\/2015\/01\/10922627_770956036274948_3229138863651345361_n2.jpg?resize=350%2C350&amp;ssl=1 350w, https:\/\/i0.wp.com\/vehiculosimportados.com\/main\/wp-content\/uploads\/2015\/01\/10922627_770956036274948_3229138863651345361_n2.jpg?resize=55%2C55&amp;ssl=1 55w, https:\/\/i0.wp.com\/vehiculosimportados.com\/main\/wp-content\/uploads\/2015\/01\/10922627_770956036274948_3229138863651345361_n2.jpg?zoom=3&amp;resize=160%2C160&amp;ssl=1 480w\" sizes=\"auto, (max-width: 160px) 100vw, 160px\" data-attachment-id=\"6831\" data-permalink=\"https:\/\/vehiculosimportados.com\/main\/10922627_770956036274948_3229138863651345361_n2\/\" data-orig-file=\"https:\/\/i0.wp.com\/vehiculosimportados.com\/main\/wp-content\/uploads\/2015\/01\/10922627_770956036274948_3229138863651345361_n2.jpg?fit=720%2C405&amp;ssl=1\" data-orig-size=\"720,405\" data-comments-opened=\"0\" data-image-meta=\"{&quot;aperture&quot;:&quot;0&quot;,&quot;credit&quot;:&quot;&quot;,&quot;camera&quot;:&quot;&quot;,&quot;caption&quot;:&quot;&quot;,&quot;created_timestamp&quot;:&quot;0&quot;,&quot;copyright&quot;:&quot;&quot;,&quot;focal_length&quot;:&quot;0&quot;,&quot;iso&quot;:&quot;0&quot;,&quot;shutter_speed&quot;:&quot;0&quot;,&quot;title&quot;:&quot;&quot;,&quot;orientation&quot;:&quot;0&quot;}\" data-image-title=\"10922627_770956036274948_3229138863651345361_n[2]\" data-image-description=\"\" data-image-caption=\"\" data-medium-file=\"https:\/\/i0.wp.com\/vehiculosimportados.com\/main\/wp-content\/uploads\/2015\/01\/10922627_770956036274948_3229138863651345361_n2.jpg?fit=300%2C169&amp;ssl=1\" data-large-file=\"https:\/\/i0.wp.com\/vehiculosimportados.com\/main\/wp-content\/uploads\/2015\/01\/10922627_770956036274948_3229138863651345361_n2.jpg?fit=720%2C405&amp;ssl=1\" tabindex=\"0\" role=\"button\" \/><\/a>\n\t\t\t<\/div><\/figure><figure class='gallery-item'>\n\t\t\t<div class='gallery-icon landscape'>\n\t\t\t\t<a href='https:\/\/vehiculosimportados.com\/main\/10923300_770956032941615_5283689151265365032_n1\/'><img loading=\"lazy\" decoding=\"async\" width=\"160\" height=\"160\" src=\"https:\/\/i0.wp.com\/vehiculosimportados.com\/main\/wp-content\/uploads\/2015\/01\/10923300_770956032941615_5283689151265365032_n1.jpg?resize=160%2C160&amp;ssl=1\" class=\"attachment-thumbnail size-thumbnail\" alt=\"\" srcset=\"https:\/\/i0.wp.com\/vehiculosimportados.com\/main\/wp-content\/uploads\/2015\/01\/10923300_770956032941615_5283689151265365032_n1.jpg?resize=350%2C350&amp;ssl=1 350w, https:\/\/i0.wp.com\/vehiculosimportados.com\/main\/wp-content\/uploads\/2015\/01\/10923300_770956032941615_5283689151265365032_n1.jpg?resize=55%2C55&amp;ssl=1 55w, https:\/\/i0.wp.com\/vehiculosimportados.com\/main\/wp-content\/uploads\/2015\/01\/10923300_770956032941615_5283689151265365032_n1.jpg?zoom=3&amp;resize=160%2C160&amp;ssl=1 480w\" sizes=\"auto, (max-width: 160px) 100vw, 160px\" data-attachment-id=\"6832\" data-permalink=\"https:\/\/vehiculosimportados.com\/main\/10923300_770956032941615_5283689151265365032_n1\/\" data-orig-file=\"https:\/\/i0.wp.com\/vehiculosimportados.com\/main\/wp-content\/uploads\/2015\/01\/10923300_770956032941615_5283689151265365032_n1.jpg?fit=720%2C405&amp;ssl=1\" data-orig-size=\"720,405\" data-comments-opened=\"0\" data-image-meta=\"{&quot;aperture&quot;:&quot;0&quot;,&quot;credit&quot;:&quot;&quot;,&quot;camera&quot;:&quot;&quot;,&quot;caption&quot;:&quot;&quot;,&quot;created_timestamp&quot;:&quot;0&quot;,&quot;copyright&quot;:&quot;&quot;,&quot;focal_length&quot;:&quot;0&quot;,&quot;iso&quot;:&quot;0&quot;,&quot;shutter_speed&quot;:&quot;0&quot;,&quot;title&quot;:&quot;&quot;,&quot;orientation&quot;:&quot;0&quot;}\" data-image-title=\"10923300_770956032941615_5283689151265365032_n[1]\" data-image-description=\"\" data-image-caption=\"\" data-medium-file=\"https:\/\/i0.wp.com\/vehiculosimportados.com\/main\/wp-content\/uploads\/2015\/01\/10923300_770956032941615_5283689151265365032_n1.jpg?fit=300%2C169&amp;ssl=1\" data-large-file=\"https:\/\/i0.wp.com\/vehiculosimportados.com\/main\/wp-content\/uploads\/2015\/01\/10923300_770956032941615_5283689151265365032_n1.jpg?fit=720%2C405&amp;ssl=1\" tabindex=\"0\" role=\"button\" \/><\/a>\n\t\t\t<\/div><\/figure>\n\t\t<\/div>\n<br \/>\n<\/><\/p>\n","protected":false},"excerpt":{"rendered":"<p>Hyundai Accent Hatchback, Automatico, A\u00f1o 2010, Color Gris, Motor 1.6, Cd Player, A\/C Helando Perfectamente, Tapicer\u00eda y Llantas N\u00edtidas, Vidr\u00edos Manuales, Bolsas Buenas, $6,300 Neg Ya tiene Placas MAYOR INFORMACION AL 7452-5828<\/p>\n","protected":false},"author":1,"featured_media":6829,"comment_status":"open","ping_status":"closed","sticky":false,"template":"","format":"standard","meta":{"jetpack_post_was_ever_published":false,"_jetpack_newsletter_access":"","_jetpack_dont_email_post_to_subs":false,"_jetpack_newsletter_tier_id":0,"_jetpack_memberships_contains_paywalled_content":false,"_jetpack_memberships_contains_paid_content":false,"footnotes":"","jetpack_publicize_message":"","jetpack_publicize_feature_enabled":true,"jetpack_social_post_already_shared":true,"jetpack_social_options":{"image_generator_settings":{"template":"highway","enabled":false},"version":2}},"categories":[8],"tags":[10,33,102,104,120,103],"class_list":["post-6826","post","type-post","status-publish","format-standard","has-post-thumbnail","hentry","category-vendidos","tag-1-6","tag-automatico","tag-bolsas-buenas","tag-con-placas","tag-gris","tag-reparados"],"jetpack_publicize_connections":[],"jetpack_sharing_enabled":true,"jetpack_featured_media_url":"https:\/\/i0.wp.com\/vehiculosimportados.com\/main\/wp-content\/uploads\/2015\/01\/10849947_770956019608283_6427053011759852876_n11.jpg?fit=720%2C405&ssl=1","jetpack_shortlink":"https:\/\/wp.me\/p5wQ88-1M6","jetpack_likes_enabled":true,"_links":{"self":[{"href":"https:\/\/vehiculosimportados.com\/main\/wp-json\/wp\/v2\/posts\/6826","targetHints":{"allow":["GET"]}}],"collection":[{"href":"https:\/\/vehiculosimportados.com\/main\/wp-json\/wp\/v2\/posts"}],"about":[{"href":"https:\/\/vehiculosimportados.com\/main\/wp-json\/wp\/v2\/types\/post"}],"author":[{"embeddable":true,"href":"https:\/\/vehiculosimportados.com\/main\/wp-json\/wp\/v2\/users\/1"}],"replies":[{"embeddable":true,"href":"https:\/\/vehiculosimportados.com\/main\/wp-json\/wp\/v2\/comments?post=6826"}],"version-history":[{"count":0,"href":"https:\/\/vehiculosimportados.com\/main\/wp-json\/wp\/v2\/posts\/6826\/revisions"}],"wp:featuredmedia":[{"embeddable":true,"href":"https:\/\/vehiculosimportados.com\/main\/wp-json\/wp\/v2\/media\/6829"}],"wp:attachment":[{"href":"https:\/\/vehiculosimportados.com\/main\/wp-json\/wp\/v2\/media?parent=6826"}],"wp:term":[{"taxonomy":"category","embeddable":true,"href":"https:\/\/vehiculosimportados.com\/main\/wp-json\/wp\/v2\/categories?post=6826"},{"taxonomy":"post_tag","embeddable":true,"href":"https:\/\/vehiculosimportados.com\/main\/wp-json\/wp\/v2\/tags?post=6826"}],"curies":[{"name":"wp","href":"https:\/\/api.w.org\/{rel}","templated":true}]}}