{"id":6808,"date":"2015-01-14T22:12:54","date_gmt":"2015-01-15T04:12:54","guid":{"rendered":"http:\/\/vehiculosimportados.com\/main\/?p=6808"},"modified":"2015-01-14T22:12:54","modified_gmt":"2015-01-15T04:12:54","slug":"nissan-sentra-b16-2008","status":"publish","type":"post","link":"https:\/\/vehiculosimportados.com\/main\/2015\/01\/14\/nissan-sentra-b16-2008\/","title":{"rendered":"Nissan Sentra B16 2008"},"content":{"rendered":"<p><center><a href=\"https:\/\/vehiculosimportados.com\/main\/2015\/01\/14\/nissan-sentra-b16-2008\/\"><img data-recalc-dims=\"1\" loading=\"lazy\" decoding=\"async\" data-attachment-id=\"6813\" data-permalink=\"https:\/\/vehiculosimportados.com\/main\/10357177_770956919608193_4047159562211955959_n-2\/\" data-orig-file=\"https:\/\/i0.wp.com\/vehiculosimportados.com\/main\/wp-content\/uploads\/2015\/01\/10357177_770956919608193_4047159562211955959_n1.jpg?fit=720%2C405&amp;ssl=1\" data-orig-size=\"720,405\" data-comments-opened=\"0\" data-image-meta=\"{&quot;aperture&quot;:&quot;0&quot;,&quot;credit&quot;:&quot;&quot;,&quot;camera&quot;:&quot;&quot;,&quot;caption&quot;:&quot;&quot;,&quot;created_timestamp&quot;:&quot;0&quot;,&quot;copyright&quot;:&quot;&quot;,&quot;focal_length&quot;:&quot;0&quot;,&quot;iso&quot;:&quot;0&quot;,&quot;shutter_speed&quot;:&quot;0&quot;,&quot;title&quot;:&quot;&quot;,&quot;orientation&quot;:&quot;0&quot;}\" data-image-title=\"10357177_770956919608193_4047159562211955959_n\" data-image-description=\"\" data-image-caption=\"\" data-medium-file=\"https:\/\/i0.wp.com\/vehiculosimportados.com\/main\/wp-content\/uploads\/2015\/01\/10357177_770956919608193_4047159562211955959_n1.jpg?fit=300%2C169&amp;ssl=1\" data-large-file=\"https:\/\/i0.wp.com\/vehiculosimportados.com\/main\/wp-content\/uploads\/2015\/01\/10357177_770956919608193_4047159562211955959_n1.jpg?fit=720%2C405&amp;ssl=1\" tabindex=\"0\" role=\"button\" src=\"https:\/\/i0.wp.com\/vehiculosimportados.com\/main\/wp-content\/uploads\/2015\/01\/10357177_770956919608193_4047159562211955959_n1.jpg?resize=720%2C405&#038;ssl=1\" alt=\"10357177_770956919608193_4047159562211955959_n\" width=\"720\" height=\"405\" class=\"alignnone size-full wp-image-6813\" srcset=\"https:\/\/i0.wp.com\/vehiculosimportados.com\/main\/wp-content\/uploads\/2015\/01\/10357177_770956919608193_4047159562211955959_n1.jpg?w=720&amp;ssl=1 720w, https:\/\/i0.wp.com\/vehiculosimportados.com\/main\/wp-content\/uploads\/2015\/01\/10357177_770956919608193_4047159562211955959_n1.jpg?resize=300%2C169&amp;ssl=1 300w, https:\/\/i0.wp.com\/vehiculosimportados.com\/main\/wp-content\/uploads\/2015\/01\/10357177_770956919608193_4047159562211955959_n1.jpg?resize=636%2C358&amp;ssl=1 636w, https:\/\/i0.wp.com\/vehiculosimportados.com\/main\/wp-content\/uploads\/2015\/01\/10357177_770956919608193_4047159562211955959_n1.jpg?resize=482%2C271&amp;ssl=1 482w, https:\/\/i0.wp.com\/vehiculosimportados.com\/main\/wp-content\/uploads\/2015\/01\/10357177_770956919608193_4047159562211955959_n1.jpg?resize=320%2C180&amp;ssl=1 320w, https:\/\/i0.wp.com\/vehiculosimportados.com\/main\/wp-content\/uploads\/2015\/01\/10357177_770956919608193_4047159562211955959_n1.jpg?resize=239%2C134&amp;ssl=1 239w\" sizes=\"auto, (max-width: 720px) 100vw, 720px\" \/><\/a><\/p>\n<p>Nissan Sentra B16, Autom\u00e1tico, A\u00f1o 2008, Color Negro, Motor 2.0, Paquete El\u00e9ctrico, Tapicer\u00eda N\u00edtida, Llantas N\u00edtidas, Bolsas Buenas, Cd Player de F\u00e1brica, A\/C Helando Perfectamente. $6,700 Neg. Ya tiene Placas MAYOR INFORMACION AL 7452-5828<\/p>\n<div data-carousel-extra='{\"blog_id\":1,\"permalink\":\"https:\\\/\\\/vehiculosimportados.com\\\/main\\\/2015\\\/01\\\/14\\\/nissan-sentra-b16-2008\\\/\"}' id='gallery-1' class='gallery galleryid-6808 gallery-columns-5 gallery-size-thumbnail'><figure class='gallery-item'>\n\t\t\t<div class='gallery-icon landscape'>\n\t\t\t\t<a href='https:\/\/vehiculosimportados.com\/main\/10906099_770956946274857_2083738235768745316_n-2\/'><img loading=\"lazy\" decoding=\"async\" width=\"160\" height=\"160\" src=\"https:\/\/i0.wp.com\/vehiculosimportados.com\/main\/wp-content\/uploads\/2015\/01\/10906099_770956946274857_2083738235768745316_n1.jpg?resize=160%2C160&amp;ssl=1\" class=\"attachment-thumbnail size-thumbnail\" alt=\"\" srcset=\"https:\/\/i0.wp.com\/vehiculosimportados.com\/main\/wp-content\/uploads\/2015\/01\/10906099_770956946274857_2083738235768745316_n1.jpg?resize=350%2C350&amp;ssl=1 350w, https:\/\/i0.wp.com\/vehiculosimportados.com\/main\/wp-content\/uploads\/2015\/01\/10906099_770956946274857_2083738235768745316_n1.jpg?resize=55%2C55&amp;ssl=1 55w, https:\/\/i0.wp.com\/vehiculosimportados.com\/main\/wp-content\/uploads\/2015\/01\/10906099_770956946274857_2083738235768745316_n1.jpg?zoom=3&amp;resize=160%2C160&amp;ssl=1 480w\" sizes=\"auto, (max-width: 160px) 100vw, 160px\" data-attachment-id=\"6816\" data-permalink=\"https:\/\/vehiculosimportados.com\/main\/10906099_770956946274857_2083738235768745316_n-2\/\" data-orig-file=\"https:\/\/i0.wp.com\/vehiculosimportados.com\/main\/wp-content\/uploads\/2015\/01\/10906099_770956946274857_2083738235768745316_n1.jpg?fit=720%2C405&amp;ssl=1\" data-orig-size=\"720,405\" data-comments-opened=\"0\" data-image-meta=\"{&quot;aperture&quot;:&quot;0&quot;,&quot;credit&quot;:&quot;&quot;,&quot;camera&quot;:&quot;&quot;,&quot;caption&quot;:&quot;&quot;,&quot;created_timestamp&quot;:&quot;0&quot;,&quot;copyright&quot;:&quot;&quot;,&quot;focal_length&quot;:&quot;0&quot;,&quot;iso&quot;:&quot;0&quot;,&quot;shutter_speed&quot;:&quot;0&quot;,&quot;title&quot;:&quot;&quot;,&quot;orientation&quot;:&quot;0&quot;}\" data-image-title=\"10906099_770956946274857_2083738235768745316_n\" data-image-description=\"\" data-image-caption=\"\" data-medium-file=\"https:\/\/i0.wp.com\/vehiculosimportados.com\/main\/wp-content\/uploads\/2015\/01\/10906099_770956946274857_2083738235768745316_n1.jpg?fit=300%2C169&amp;ssl=1\" data-large-file=\"https:\/\/i0.wp.com\/vehiculosimportados.com\/main\/wp-content\/uploads\/2015\/01\/10906099_770956946274857_2083738235768745316_n1.jpg?fit=720%2C405&amp;ssl=1\" tabindex=\"0\" role=\"button\" \/><\/a>\n\t\t\t<\/div><\/figure><figure class='gallery-item'>\n\t\t\t<div class='gallery-icon landscape'>\n\t\t\t\t<a href='https:\/\/vehiculosimportados.com\/main\/10888843_770956936274858_6288762555320943167_n1\/'><img loading=\"lazy\" decoding=\"async\" width=\"160\" height=\"160\" src=\"https:\/\/i0.wp.com\/vehiculosimportados.com\/main\/wp-content\/uploads\/2015\/01\/10888843_770956936274858_6288762555320943167_n1.jpg?resize=160%2C160&amp;ssl=1\" class=\"attachment-thumbnail size-thumbnail\" alt=\"\" srcset=\"https:\/\/i0.wp.com\/vehiculosimportados.com\/main\/wp-content\/uploads\/2015\/01\/10888843_770956936274858_6288762555320943167_n1.jpg?resize=350%2C350&amp;ssl=1 350w, https:\/\/i0.wp.com\/vehiculosimportados.com\/main\/wp-content\/uploads\/2015\/01\/10888843_770956936274858_6288762555320943167_n1.jpg?resize=55%2C55&amp;ssl=1 55w, https:\/\/i0.wp.com\/vehiculosimportados.com\/main\/wp-content\/uploads\/2015\/01\/10888843_770956936274858_6288762555320943167_n1.jpg?zoom=3&amp;resize=160%2C160&amp;ssl=1 480w\" sizes=\"auto, (max-width: 160px) 100vw, 160px\" data-attachment-id=\"6815\" data-permalink=\"https:\/\/vehiculosimportados.com\/main\/10888843_770956936274858_6288762555320943167_n1\/\" data-orig-file=\"https:\/\/i0.wp.com\/vehiculosimportados.com\/main\/wp-content\/uploads\/2015\/01\/10888843_770956936274858_6288762555320943167_n1.jpg?fit=720%2C405&amp;ssl=1\" data-orig-size=\"720,405\" data-comments-opened=\"0\" data-image-meta=\"{&quot;aperture&quot;:&quot;0&quot;,&quot;credit&quot;:&quot;&quot;,&quot;camera&quot;:&quot;&quot;,&quot;caption&quot;:&quot;&quot;,&quot;created_timestamp&quot;:&quot;0&quot;,&quot;copyright&quot;:&quot;&quot;,&quot;focal_length&quot;:&quot;0&quot;,&quot;iso&quot;:&quot;0&quot;,&quot;shutter_speed&quot;:&quot;0&quot;,&quot;title&quot;:&quot;&quot;,&quot;orientation&quot;:&quot;0&quot;}\" data-image-title=\"10888843_770956936274858_6288762555320943167_n[1]\" data-image-description=\"\" data-image-caption=\"\" data-medium-file=\"https:\/\/i0.wp.com\/vehiculosimportados.com\/main\/wp-content\/uploads\/2015\/01\/10888843_770956936274858_6288762555320943167_n1.jpg?fit=300%2C169&amp;ssl=1\" data-large-file=\"https:\/\/i0.wp.com\/vehiculosimportados.com\/main\/wp-content\/uploads\/2015\/01\/10888843_770956936274858_6288762555320943167_n1.jpg?fit=720%2C405&amp;ssl=1\" tabindex=\"0\" role=\"button\" \/><\/a>\n\t\t\t<\/div><\/figure><figure class='gallery-item'>\n\t\t\t<div class='gallery-icon landscape'>\n\t\t\t\t<a href='https:\/\/vehiculosimportados.com\/main\/10370908_770956926274859_4363458237399576279_n\/'><img loading=\"lazy\" decoding=\"async\" width=\"160\" height=\"160\" src=\"https:\/\/i0.wp.com\/vehiculosimportados.com\/main\/wp-content\/uploads\/2015\/01\/10370908_770956926274859_4363458237399576279_n.jpg?resize=160%2C160&amp;ssl=1\" class=\"attachment-thumbnail size-thumbnail\" alt=\"\" srcset=\"https:\/\/i0.wp.com\/vehiculosimportados.com\/main\/wp-content\/uploads\/2015\/01\/10370908_770956926274859_4363458237399576279_n.jpg?resize=350%2C350&amp;ssl=1 350w, https:\/\/i0.wp.com\/vehiculosimportados.com\/main\/wp-content\/uploads\/2015\/01\/10370908_770956926274859_4363458237399576279_n.jpg?resize=55%2C55&amp;ssl=1 55w, https:\/\/i0.wp.com\/vehiculosimportados.com\/main\/wp-content\/uploads\/2015\/01\/10370908_770956926274859_4363458237399576279_n.jpg?zoom=3&amp;resize=160%2C160&amp;ssl=1 480w\" sizes=\"auto, (max-width: 160px) 100vw, 160px\" data-attachment-id=\"6814\" data-permalink=\"https:\/\/vehiculosimportados.com\/main\/10370908_770956926274859_4363458237399576279_n\/\" data-orig-file=\"https:\/\/i0.wp.com\/vehiculosimportados.com\/main\/wp-content\/uploads\/2015\/01\/10370908_770956926274859_4363458237399576279_n.jpg?fit=720%2C405&amp;ssl=1\" data-orig-size=\"720,405\" data-comments-opened=\"0\" data-image-meta=\"{&quot;aperture&quot;:&quot;0&quot;,&quot;credit&quot;:&quot;&quot;,&quot;camera&quot;:&quot;&quot;,&quot;caption&quot;:&quot;&quot;,&quot;created_timestamp&quot;:&quot;0&quot;,&quot;copyright&quot;:&quot;&quot;,&quot;focal_length&quot;:&quot;0&quot;,&quot;iso&quot;:&quot;0&quot;,&quot;shutter_speed&quot;:&quot;0&quot;,&quot;title&quot;:&quot;&quot;,&quot;orientation&quot;:&quot;0&quot;}\" data-image-title=\"10370908_770956926274859_4363458237399576279_n\" data-image-description=\"\" data-image-caption=\"\" data-medium-file=\"https:\/\/i0.wp.com\/vehiculosimportados.com\/main\/wp-content\/uploads\/2015\/01\/10370908_770956926274859_4363458237399576279_n.jpg?fit=300%2C169&amp;ssl=1\" data-large-file=\"https:\/\/i0.wp.com\/vehiculosimportados.com\/main\/wp-content\/uploads\/2015\/01\/10370908_770956926274859_4363458237399576279_n.jpg?fit=720%2C405&amp;ssl=1\" tabindex=\"0\" role=\"button\" \/><\/a>\n\t\t\t<\/div><\/figure><figure class='gallery-item'>\n\t\t\t<div class='gallery-icon landscape'>\n\t\t\t\t<a href='https:\/\/vehiculosimportados.com\/main\/10300635_770956922941526_7395193350584461470_n\/'><img loading=\"lazy\" decoding=\"async\" width=\"160\" height=\"160\" src=\"https:\/\/i0.wp.com\/vehiculosimportados.com\/main\/wp-content\/uploads\/2015\/01\/10300635_770956922941526_7395193350584461470_n.jpg?resize=160%2C160&amp;ssl=1\" class=\"attachment-thumbnail size-thumbnail\" alt=\"\" srcset=\"https:\/\/i0.wp.com\/vehiculosimportados.com\/main\/wp-content\/uploads\/2015\/01\/10300635_770956922941526_7395193350584461470_n.jpg?resize=350%2C350&amp;ssl=1 350w, https:\/\/i0.wp.com\/vehiculosimportados.com\/main\/wp-content\/uploads\/2015\/01\/10300635_770956922941526_7395193350584461470_n.jpg?resize=55%2C55&amp;ssl=1 55w, https:\/\/i0.wp.com\/vehiculosimportados.com\/main\/wp-content\/uploads\/2015\/01\/10300635_770956922941526_7395193350584461470_n.jpg?zoom=3&amp;resize=160%2C160&amp;ssl=1 480w\" sizes=\"auto, (max-width: 160px) 100vw, 160px\" data-attachment-id=\"6812\" data-permalink=\"https:\/\/vehiculosimportados.com\/main\/10300635_770956922941526_7395193350584461470_n\/\" data-orig-file=\"https:\/\/i0.wp.com\/vehiculosimportados.com\/main\/wp-content\/uploads\/2015\/01\/10300635_770956922941526_7395193350584461470_n.jpg?fit=720%2C405&amp;ssl=1\" data-orig-size=\"720,405\" data-comments-opened=\"0\" data-image-meta=\"{&quot;aperture&quot;:&quot;0&quot;,&quot;credit&quot;:&quot;&quot;,&quot;camera&quot;:&quot;&quot;,&quot;caption&quot;:&quot;&quot;,&quot;created_timestamp&quot;:&quot;0&quot;,&quot;copyright&quot;:&quot;&quot;,&quot;focal_length&quot;:&quot;0&quot;,&quot;iso&quot;:&quot;0&quot;,&quot;shutter_speed&quot;:&quot;0&quot;,&quot;title&quot;:&quot;&quot;,&quot;orientation&quot;:&quot;0&quot;}\" data-image-title=\"10300635_770956922941526_7395193350584461470_n\" data-image-description=\"\" data-image-caption=\"\" data-medium-file=\"https:\/\/i0.wp.com\/vehiculosimportados.com\/main\/wp-content\/uploads\/2015\/01\/10300635_770956922941526_7395193350584461470_n.jpg?fit=300%2C169&amp;ssl=1\" data-large-file=\"https:\/\/i0.wp.com\/vehiculosimportados.com\/main\/wp-content\/uploads\/2015\/01\/10300635_770956922941526_7395193350584461470_n.jpg?fit=720%2C405&amp;ssl=1\" tabindex=\"0\" role=\"button\" \/><\/a>\n\t\t\t<\/div><\/figure><figure class='gallery-item'>\n\t\t\t<div class='gallery-icon landscape'>\n\t\t\t\t<a href='https:\/\/vehiculosimportados.com\/main\/1506662_770956949608190_5999000417812162387_n\/'><img loading=\"lazy\" decoding=\"async\" width=\"160\" height=\"160\" src=\"https:\/\/i0.wp.com\/vehiculosimportados.com\/main\/wp-content\/uploads\/2015\/01\/1506662_770956949608190_5999000417812162387_n.jpg?resize=160%2C160&amp;ssl=1\" class=\"attachment-thumbnail size-thumbnail\" alt=\"\" srcset=\"https:\/\/i0.wp.com\/vehiculosimportados.com\/main\/wp-content\/uploads\/2015\/01\/1506662_770956949608190_5999000417812162387_n.jpg?resize=350%2C350&amp;ssl=1 350w, https:\/\/i0.wp.com\/vehiculosimportados.com\/main\/wp-content\/uploads\/2015\/01\/1506662_770956949608190_5999000417812162387_n.jpg?resize=55%2C55&amp;ssl=1 55w, https:\/\/i0.wp.com\/vehiculosimportados.com\/main\/wp-content\/uploads\/2015\/01\/1506662_770956949608190_5999000417812162387_n.jpg?zoom=3&amp;resize=160%2C160&amp;ssl=1 480w\" sizes=\"auto, (max-width: 160px) 100vw, 160px\" data-attachment-id=\"6811\" data-permalink=\"https:\/\/vehiculosimportados.com\/main\/1506662_770956949608190_5999000417812162387_n\/\" data-orig-file=\"https:\/\/i0.wp.com\/vehiculosimportados.com\/main\/wp-content\/uploads\/2015\/01\/1506662_770956949608190_5999000417812162387_n.jpg?fit=720%2C405&amp;ssl=1\" data-orig-size=\"720,405\" data-comments-opened=\"0\" data-image-meta=\"{&quot;aperture&quot;:&quot;0&quot;,&quot;credit&quot;:&quot;&quot;,&quot;camera&quot;:&quot;&quot;,&quot;caption&quot;:&quot;&quot;,&quot;created_timestamp&quot;:&quot;0&quot;,&quot;copyright&quot;:&quot;&quot;,&quot;focal_length&quot;:&quot;0&quot;,&quot;iso&quot;:&quot;0&quot;,&quot;shutter_speed&quot;:&quot;0&quot;,&quot;title&quot;:&quot;&quot;,&quot;orientation&quot;:&quot;0&quot;}\" data-image-title=\"1506662_770956949608190_5999000417812162387_n\" data-image-description=\"\" data-image-caption=\"\" data-medium-file=\"https:\/\/i0.wp.com\/vehiculosimportados.com\/main\/wp-content\/uploads\/2015\/01\/1506662_770956949608190_5999000417812162387_n.jpg?fit=300%2C169&amp;ssl=1\" data-large-file=\"https:\/\/i0.wp.com\/vehiculosimportados.com\/main\/wp-content\/uploads\/2015\/01\/1506662_770956949608190_5999000417812162387_n.jpg?fit=720%2C405&amp;ssl=1\" tabindex=\"0\" role=\"button\" \/><\/a>\n\t\t\t<\/div><\/figure>\n\t\t<\/div>\n\n<p><\/><\/p>\n","protected":false},"excerpt":{"rendered":"<p>Nissan Sentra B16, Autom\u00e1tico, A\u00f1o 2008, Color Negro, Motor 2.0, Paquete El\u00e9ctrico, Tapicer\u00eda N\u00edtida, Llantas N\u00edtidas, Bolsas Buenas, Cd Player de F\u00e1brica, A\/C Helando Perfectamente. $6,700 Neg. Ya tiene Placas MAYOR INFORMACION AL 7452-5828<\/p>\n","protected":false},"author":1,"featured_media":6813,"comment_status":"open","ping_status":"closed","sticky":false,"template":"","format":"standard","meta":{"jetpack_post_was_ever_published":false,"_jetpack_newsletter_access":"","_jetpack_dont_email_post_to_subs":false,"_jetpack_newsletter_tier_id":0,"_jetpack_memberships_contains_paywalled_content":false,"_jetpack_memberships_contains_paid_content":false,"footnotes":"","jetpack_publicize_message":"","jetpack_publicize_feature_enabled":true,"jetpack_social_post_already_shared":true,"jetpack_social_options":{"image_generator_settings":{"template":"highway","enabled":false},"version":2}},"categories":[8],"tags":[101,33,102,104,105,103],"class_list":["post-6808","post","type-post","status-publish","format-standard","has-post-thumbnail","hentry","category-vendidos","tag-2-0","tag-automatico","tag-bolsas-buenas","tag-con-placas","tag-negro","tag-reparados"],"jetpack_publicize_connections":[],"jetpack_sharing_enabled":true,"jetpack_featured_media_url":"https:\/\/i0.wp.com\/vehiculosimportados.com\/main\/wp-content\/uploads\/2015\/01\/10357177_770956919608193_4047159562211955959_n1.jpg?fit=720%2C405&ssl=1","jetpack_shortlink":"https:\/\/wp.me\/p5wQ88-1LO","jetpack_likes_enabled":true,"_links":{"self":[{"href":"https:\/\/vehiculosimportados.com\/main\/wp-json\/wp\/v2\/posts\/6808","targetHints":{"allow":["GET"]}}],"collection":[{"href":"https:\/\/vehiculosimportados.com\/main\/wp-json\/wp\/v2\/posts"}],"about":[{"href":"https:\/\/vehiculosimportados.com\/main\/wp-json\/wp\/v2\/types\/post"}],"author":[{"embeddable":true,"href":"https:\/\/vehiculosimportados.com\/main\/wp-json\/wp\/v2\/users\/1"}],"replies":[{"embeddable":true,"href":"https:\/\/vehiculosimportados.com\/main\/wp-json\/wp\/v2\/comments?post=6808"}],"version-history":[{"count":0,"href":"https:\/\/vehiculosimportados.com\/main\/wp-json\/wp\/v2\/posts\/6808\/revisions"}],"wp:featuredmedia":[{"embeddable":true,"href":"https:\/\/vehiculosimportados.com\/main\/wp-json\/wp\/v2\/media\/6813"}],"wp:attachment":[{"href":"https:\/\/vehiculosimportados.com\/main\/wp-json\/wp\/v2\/media?parent=6808"}],"wp:term":[{"taxonomy":"category","embeddable":true,"href":"https:\/\/vehiculosimportados.com\/main\/wp-json\/wp\/v2\/categories?post=6808"},{"taxonomy":"post_tag","embeddable":true,"href":"https:\/\/vehiculosimportados.com\/main\/wp-json\/wp\/v2\/tags?post=6808"}],"curies":[{"name":"wp","href":"https:\/\/api.w.org\/{rel}","templated":true}]}}